{"id":398,"date":"2026-06-11T09:57:50","date_gmt":"2026-06-11T09:57:50","guid":{"rendered":"https:\/\/www.altrx.com\/blogs\/?p=398"},"modified":"2026-06-11T09:57:51","modified_gmt":"2026-06-11T09:57:51","slug":"cognitive-decline-prevention-in-your-40s-and-50s-the-early-intervention-that-actually-works","status":"publish","type":"post","link":"https:\/\/www.altrx.com\/blogs\/es\/cognitive-decline-prevention-in-your-40s-and-50s-the-early-intervention-that-actually-works\/","title":{"rendered":"Prevenci\u00f3n del Deterioro Cognitivo en tus 40 y 50: La Intervenci\u00f3n Temprana que Realmente Funciona\u00a0"},"content":{"rendered":"<p class=\"wp-block-paragraph\">Es posible que a\u00fan no te des cuenta, pero los cambios cognitivos ya est\u00e1n ocurriendo. En tus 40, procesas la nueva informaci\u00f3n un poco m\u00e1s lento. Eres m\u00e1s propenso a ser verboso cuando deber\u00edas ser conciso. Tienes menos capacidad para realizar m\u00faltiples tareas mentales simult\u00e1neamente.&nbsp;<\/p>\n\n\n\n<p class=\"wp-block-paragraph\">La mayor\u00eda de la gente lo descarta como envejecimiento normal o estr\u00e9s. No se dan cuenta de que el deterioro cognitivo no comienza a los 70. Comienza en los 40 y 50. Y para cuando lo notas claramente, el da\u00f1o biol\u00f3gico ya est\u00e1 avanzado.&nbsp;<\/p>\n\n\n\n<p class=\"wp-block-paragraph\">La buena noticia: el deterioro cognitivo se puede prevenir en gran medida. La Organizaci\u00f3n Mundial de la Salud identifica 12 factores de riesgo modificables para la demencia. Hasta un 40 % de los casos de demencia se pueden prevenir o retrasar significativamente si se abordan estos factores ahora, entre los 40 y los 50 a\u00f1os, cuando las intervenciones son m\u00e1s eficaces.&nbsp;<\/p>\n\n\n\n<p class=\"wp-block-paragraph\">La mala noticia: la mayor\u00eda de las personas no intervienen hasta que los s\u00edntomas son obvios. Para entonces, ya ha ocurrido un da\u00f1o neuronal significativo y acumulaci\u00f3n de prote\u00ednas.&nbsp;<\/p>\n\n\n\n<p class=\"wp-block-paragraph\">En 2026, la neurociencia es clara. La intervenci\u00f3n temprana funciona. Pero requiere saber en qu\u00e9 intervenir.&nbsp;<\/p>\n\n\n\n<p class=\"wp-block-paragraph\"><strong>Biolog\u00eda: Por qu\u00e9 el deterioro cognitivo comienza antes de lo que crees<\/strong>&nbsp;<\/p>\n\n\n\n<p class=\"wp-block-paragraph\">Tu cerebro no es una estructura est\u00e1tica. Est\u00e1 en constante cambio. Nuevas neuronas nacen en el hipocampo (centro de la memoria). Las conexiones sin\u00e1pticas se fortalecen o debilitan seg\u00fan el uso. Las prote\u00ednas se acumulan o se eliminan seg\u00fan factores del estilo de vida.&nbsp;<\/p>\n\n\n\n<p class=\"wp-block-paragraph\">El deterioro cognitivo ocurre a trav\u00e9s de varios mecanismos:&nbsp;<\/p>\n\n\n\n<p class=\"wp-block-paragraph\">La acumulaci\u00f3n de la prote\u00edna beta-amiloide y tau: Estas prote\u00ednas son t\u00f3xicas para las neuronas. En la enfermedad de Alzheimer, se acumulan durante 15 a 20 a\u00f1os antes de que aparezcan los s\u00edntomas cognitivos. Puedes tener una patolog\u00eda amiloide significativa en tu cerebro a los 50 a\u00f1os y sentirte completamente normal. Pero el da\u00f1o est\u00e1 ocurriendo.&nbsp;<\/p>\n\n\n\n<p class=\"wp-block-paragraph\">Disfunci\u00f3n mitocondrial: El cerebro consume aproximadamente el 20 % de la energ\u00eda del cuerpo. Cuando las mitocondrias no funcionan correctamente, las neuronas no pueden actuar de manera \u00f3ptima. Esto provoca confusi\u00f3n mental, lentitud en el procesamiento de la informaci\u00f3n y p\u00e9rdida de memoria.&nbsp;<\/p>\n\n\n\n<p class=\"wp-block-paragraph\">Neuroinflamaci\u00f3n: La inflamaci\u00f3n cr\u00f3nica de bajo nivel en el cerebro acelera la p\u00e9rdida neuronal. Esto proviene del estilo de vida sedentario, la dieta deficiente, la alteraci\u00f3n del sue\u00f1o y el estr\u00e9s cr\u00f3nico.&nbsp;<\/p>\n\n\n\n<p class=\"wp-block-paragraph\">Neuroplasticidad reducida: La capacidad de tu cerebro para formar nuevas conexiones disminuye con la edad. Pero este declive es modificable. El ejercicio, el aprendizaje y ciertos compuestos mejoran directamente la neuroplasticidad.&nbsp;<\/p>\n\n\n\n<p class=\"wp-block-paragraph\">Investigaciones recientes muestran que el deterioro cognitivo puede comenzar en los 30 a\u00f1os, pero la mayor\u00eda de las personas se dan cuenta en sus 40 y 50 a\u00f1os: https:\/\/public-pages-files-2025.frontiersin.org\/journals\/aging-neuroscience\/articles\/10.3389\/fnagi.2025.1588493\/xml\/nlm&nbsp;<\/p>\n\n\n\n<p class=\"wp-block-paragraph\">La revelaci\u00f3n crucial: intervenir en tus 40 y 50 a\u00f1os puede prevenir o retrasar el grave declive que de otro modo ocurrir\u00eda en tus 70 y 80. Esta es tu ventana.&nbsp;<\/p>\n\n\n\n<p class=\"wp-block-paragraph\"><strong>Los 12 factores de riesgo modificables<\/strong>&nbsp;<\/p>\n\n\n\n<p class=\"wp-block-paragraph\">La Organizaci\u00f3n Mundial de la Salud identifica estos factores como impulsores del deterioro cognitivo:&nbsp;<\/p>\n\n\n\n<ol start=\"1\" class=\"wp-block-list\">\n<li>Bajo nivel educativo\u00a0<\/li>\n<\/ol>\n\n\n\n<ol start=\"2\" class=\"wp-block-list\">\n<li>P\u00e9rdida auditiva\u00a0<\/li>\n<\/ol>\n\n\n\n<ol start=\"3\" class=\"wp-block-list\">\n<li>Lesi\u00f3n cerebral traum\u00e1tica\u00a0<\/li>\n<\/ol>\n\n\n\n<ol start=\"4\" class=\"wp-block-list\">\n<li>Hipertensi\u00f3n\u00a0<\/li>\n<\/ol>\n\n\n\n<ol start=\"5\" class=\"wp-block-list\">\n<li>Consumo de alcohol\u00a0<\/li>\n<\/ol>\n\n\n\n<ol start=\"6\" class=\"wp-block-list\">\n<li>Obesidad\u00a0<\/li>\n<\/ol>\n\n\n\n<ol start=\"7\" class=\"wp-block-list\">\n<li>Fumar\u00a0<\/li>\n<\/ol>\n\n\n\n<ol start=\"8\" class=\"wp-block-list\">\n<li>Depresi\u00f3n\u00a0<\/li>\n<\/ol>\n\n\n\n<ol start=\"9\" class=\"wp-block-list\">\n<li>Aislamiento social\u00a0<\/li>\n<\/ol>\n\n\n\n<ol start=\"10\" class=\"wp-block-list\">\n<li>Inactividad f\u00edsica\u00a0<\/li>\n<\/ol>\n\n\n\n<ol start=\"11\" class=\"wp-block-list\">\n<li>Exposici\u00f3n a la contaminaci\u00f3n del aire\u00a0<\/li>\n<\/ol>\n\n\n\n<ol start=\"12\" class=\"wp-block-list\">\n<li>Diabetes y disfunci\u00f3n metab\u00f3lica\u00a0<\/li>\n<\/ol>\n\n\n\n<p class=\"wp-block-paragraph\">No todos aplican a todas las personas. Pero puedes auditar cu\u00e1les te afectan. Incluso 2 o 3 intervenciones agresivas en estos factores pueden cambiar significativamente tu trayectoria cognitiva.&nbsp;<\/p>\n\n\n\n<p class=\"wp-block-paragraph\">Las investigaciones sobre la prevenci\u00f3n del deterioro cognitivo indican que modificar estos factores puede prevenir o retrasar hasta un 40 % de los casos de demencia: https:\/\/www.mdpi.com\/2076-3425\/16\/1\/108&nbsp;<\/p>\n\n\n\n<p class=\"wp-block-paragraph\"><strong>El Protocolo Basado en Evidencia para tus 40s y 50s<\/strong>&nbsp;<\/p>\n\n\n\n<p class=\"wp-block-paragraph\"><strong>Prioridad 1: Actividad F\u00edsica (La Base)<\/strong>&nbsp;<\/p>\n\n\n\n<p class=\"wp-block-paragraph\">El ejercicio f\u00edsico es la intervenci\u00f3n cognitiva m\u00e1s poderosa que existe. Ni siquiera se acerca.&nbsp;<\/p>\n\n\n\n<p class=\"wp-block-paragraph\">El ejercicio aer\u00f3bico regular aumenta el factor neurotr\u00f3fico derivado del cerebro (BDNF), que favorece el crecimiento neuronal y la plasticidad sin\u00e1ptica. Mejora el flujo sangu\u00edneo cerebral. Reduce la acumulaci\u00f3n de amiloide.&nbsp;<\/p>\n\n\n\n<p class=\"wp-block-paragraph\">El entrenamiento de fuerza preserva la masa muscular y mejora la salud metab\u00f3lica, lo que protege el cerebro.&nbsp;<\/p>\n\n\n\n<p class=\"wp-block-paragraph\">Intenta realizar 150 minutos por semana de actividad aer\u00f3bica de intensidad moderada (caminar a paso ligero, andar en bicicleta, correr) adem\u00e1s de 2 o 3 sesiones de entrenamiento de fuerza semanales.&nbsp;<\/p>\n\n\n\n<p class=\"wp-block-paragraph\">La evidencia es contundente: las personas que mantienen ejercicio regular durante sus 40 y 50 a\u00f1os tienen un riesgo dram\u00e1ticamente menor de deterioro cognitivo en sus 60 y 70 a\u00f1os.&nbsp;<\/p>\n\n\n\n<p class=\"wp-block-paragraph\"><strong>Prioridad 2: Optimizaci\u00f3n del sue\u00f1o y el ritmo circadiano<\/strong>&nbsp;<\/p>\n\n\n\n<p class=\"wp-block-paragraph\">El sue\u00f1o es cuando tu cerebro elimina prote\u00ednas t\u00f3xicas. La falta de sue\u00f1o acelera el deterioro cognitivo.&nbsp;<\/p>\n\n\n\n<p class=\"wp-block-paragraph\">Implementa el protocolo de nuestro art\u00edculo anterior: exposici\u00f3n a la luz matutina, horario de sue\u00f1o constante, dormitorio fresco y oscuro, sin pantallas despu\u00e9s de las 8 p.m.&nbsp;<\/p>\n\n\n\n<p class=\"wp-block-paragraph\">La falta de sue\u00f1o y la alteraci\u00f3n del ritmo circadiano aumentan la acumulaci\u00f3n de beta-amiloide. Siete a\u00f1os de sue\u00f1o deficiente aceleran tu envejecimiento cognitivo en unos 10 a\u00f1os.&nbsp;<\/p>\n\n\n\n<p class=\"wp-block-paragraph\"><strong>Prioridad 3: Manejo de la P\u00e9rdida Auditiva<\/strong>&nbsp;<\/p>\n\n\n\n<p class=\"wp-block-paragraph\">Este a veces sorprende a la gente, pero la conexi\u00f3n es poderosa.&nbsp;<\/p>\n\n\n\n<p class=\"wp-block-paragraph\">La p\u00e9rdida auditiva generalmente comienza entre los 40 y 50 a\u00f1os. No es vanidad corregirla. La p\u00e9rdida auditiva no tratada se asocia con un declive cognitivo m\u00e1s r\u00e1pido.&nbsp;<\/p>\n\n\n\n<p class=\"wp-block-paragraph\">Un estudio reciente de 2025 revel\u00f3 que el uso de aud\u00edfonos se asociaba con una menor prevalencia de demencia en participantes con p\u00e9rdida auditiva de moderada a grave: https:\/\/waterlooaudiology.com\/blog\/does-hearing-care-slow-the-onset-of-dementia-what-2025-research-reveals\/&nbsp;<\/p>\n\n\n\n<p class=\"wp-block-paragraph\">H\u00e1gase una prueba de audici\u00f3n a los 40. Si hay p\u00e9rdida, use aud\u00edfonos. Esto es medicina preventiva.&nbsp;<\/p>\n\n\n\n<p class=\"wp-block-paragraph\"><strong>Prioridad 4: Control Metab\u00f3lico<\/strong>&nbsp;<\/p>\n\n\n\n<p class=\"wp-block-paragraph\">La diabetes y la prediabetes son factores de riesgo para el deterioro cognitivo y la enfermedad de Alzheimer.&nbsp;<\/p>\n\n\n\n<p class=\"wp-block-paragraph\">Implementa el protocolo de flexibilidad metab\u00f3lica de nuestro art\u00edculo anterior: az\u00facar en sangre estable, ayuno regular, patrones de movimiento fuertes.&nbsp;<\/p>\n\n\n\n<p class=\"wp-block-paragraph\">Mantenga la glucosa en sangre en ayunas por debajo de 100 mg\/dL y la HbA1c por debajo de 5,71 %.&nbsp;<\/p>\n\n\n\n<p class=\"wp-block-paragraph\">La salud metab\u00f3lica es salud cerebral.&nbsp;<\/p>\n\n\n\n<p class=\"wp-block-paragraph\"><strong>Prioridad 5: Compromiso Cognitivo y Aprendizaje<\/strong>&nbsp;<\/p>\n\n\n\n<p class=\"wp-block-paragraph\">La capacidad de tu cerebro para formar nuevas conexiones es importante. \u00dasala.&nbsp;<\/p>\n\n\n\n<p class=\"wp-block-paragraph\">Aprende un nuevo idioma, instrumento o habilidad que requiera atenci\u00f3n concentrada.&nbsp;<\/p>\n\n\n\n<p class=\"wp-block-paragraph\">Lee material complejo con regularidad.&nbsp;<\/p>\n\n\n\n<p class=\"wp-block-paragraph\">Participa en pasatiempos mentalmente estimulantes.&nbsp;<\/p>\n\n\n\n<p class=\"wp-block-paragraph\">La interacci\u00f3n social tambi\u00e9n es fundamental. La soledad se asocia con un declive cognitivo m\u00e1s r\u00e1pido.&nbsp;<\/p>\n\n\n\n<p class=\"wp-block-paragraph\">Mant\u00e9n relaciones significativas. Haz voluntariado. \u00danete a grupos por intereses.&nbsp;<\/p>\n\n\n\n<p class=\"wp-block-paragraph\"><strong>Prioridad 6: Suplementos para la salud cerebral<\/strong>&nbsp;<\/p>\n\n\n\n<p class=\"wp-block-paragraph\">Los biomarcadores en sangre ahora permiten detectar la patolog\u00eda temprana del Alzheimer a\u00f1os antes de que aparezcan los s\u00edntomas: https:\/\/www.alz.org\/news\/2026\/new-era-early-detection-prevention-cognitive-decline&nbsp;<\/p>\n\n\n\n<p class=\"wp-block-paragraph\">Varios suplementos cuentan con evidencia para el soporte cognitivo:&nbsp;<\/p>\n\n\n\n<p class=\"wp-block-paragraph\">Precursores de NAD+ (NMN 250-500 mg diarios): Apoyan la funci\u00f3n mitocondrial y la producci\u00f3n de energ\u00eda neuronal.&nbsp;<\/p>\n\n\n\n<p class=\"wp-block-paragraph\">\u00c1cidos grasos Omega-3 (2-3g de EPA\/DHA al d\u00eda): Esenciales para la salud de la membrana neuronal y reducen la neuroinflamaci\u00f3n.&nbsp;<\/p>\n\n\n\n<p class=\"wp-block-paragraph\">Magnesio L-treonato (2g diarios): Dise\u00f1ado espec\u00edficamente para cruzar la barrera hematoencef\u00e1lica y apoyar la plasticidad sin\u00e1ptica.&nbsp;<\/p>\n\n\n\n<p class=\"wp-block-paragraph\">Alpha-GPC (600 mg diarios): Apoya la producci\u00f3n de acetilcolina y la funci\u00f3n cognitiva.&nbsp;<\/p>\n\n\n\n<p class=\"wp-block-paragraph\">Resveratrol (150-300 mg diarios): Activa las v\u00edas de las sirtuinas y reduce la neuroinflamaci\u00f3n.&nbsp;<\/p>\n\n\n\n<p class=\"wp-block-paragraph\">Curcumina con pimienta negra (500 mg-1g diario): Cruza la barrera hematoencef\u00e1lica, reduce amiloide y tau.&nbsp;<\/p>\n\n\n\n<p class=\"wp-block-paragraph\">Trabaja con un proveedor de atenci\u00f3n m\u00e9dica para seleccionar lo que sea apropiado para tu situaci\u00f3n.&nbsp;<\/p>\n\n\n\n<p class=\"wp-block-paragraph\"><strong>Prioridad 7: Considerar pruebas avanzadas de biomarcadores<\/strong>&nbsp;<\/p>\n\n\n\n<p class=\"wp-block-paragraph\">Los an\u00e1lisis de sangre ahora pueden detectar la prote\u00edna tau fosforilada (p-tau181) y las relaciones de amiloide que indican patolog\u00eda temprana de Alzheimer antes de que aparezcan los s\u00edntomas.&nbsp;<\/p>\n\n\n\n<p class=\"wp-block-paragraph\">Consulte a su m\u00e9dico sobre las pruebas de biomarcadores en plasma si tiene antecedentes familiares de deterioro cognitivo o m\u00faltiples factores de riesgo.&nbsp;<\/p>\n\n\n\n<p class=\"wp-block-paragraph\">La detecci\u00f3n temprana permite intensificar las intervenciones mientras a\u00fan se tiene la m\u00e1xima reserva neuronal.&nbsp;<\/p>\n\n\n\n<p class=\"wp-block-paragraph\"><strong>Intervenci\u00f3n Avanzada para Mayor Riesgo<\/strong>&nbsp;<\/p>\n\n\n\n<p class=\"wp-block-paragraph\">Si tienes:&nbsp;<\/p>\n\n\n\n<p class=\"wp-block-paragraph\">Historial familiar de Alzheimer o demencia&nbsp;<\/p>\n\n\n\n<p class=\"wp-block-paragraph\">M\u00faltiples factores de riesgo metab\u00f3lico&nbsp;<\/p>\n\n\n\n<p class=\"wp-block-paragraph\">P\u00e9rdida auditiva significativa&nbsp;<\/p>\n\n\n\n<p class=\"wp-block-paragraph\">Depresi\u00f3n o estr\u00e9s cr\u00f3nico&nbsp;<\/p>\n\n\n\n<p class=\"wp-block-paragraph\">Estilo de vida sedentario&nbsp;<\/p>\n\n\n\n<p class=\"wp-block-paragraph\">Considera trabajar con un proveedor de medicina funcional con experiencia en la prevenci\u00f3n del deterioro cognitivo. Las intervenciones m\u00e1s agresivas podr\u00edan incluir:&nbsp;<\/p>\n\n\n\n<p class=\"wp-block-paragraph\">Terapia de ox\u00edgeno hiperb\u00e1rico&nbsp;<\/p>\n\n\n\n<p class=\"wp-block-paragraph\">Protocolos de entrenamiento cognitivo&nbsp;<\/p>\n\n\n\n<p class=\"wp-block-paragraph\">Optimizaci\u00f3n hormonal&nbsp;<\/p>\n\n\n\n<p class=\"wp-block-paragraph\">P\u00e9ptidos dirigidos (semax, cerebrolysin)&nbsp;<\/p>\n\n\n\n<p class=\"wp-block-paragraph\">Suplementaci\u00f3n m\u00e1s intensiva&nbsp;<\/p>\n\n\n\n<p class=\"wp-block-paragraph\">La prevenci\u00f3n siempre es m\u00e1s f\u00e1cil que la reversi\u00f3n. Una intervenci\u00f3n agresiva entre los 40 y los 50 a\u00f1os puede prevenir la mayor parte de lo que habr\u00eda ocurrido en los 70 y 80.&nbsp;<\/p>\n\n\n\n<p class=\"wp-block-paragraph\"><strong>La Fundaci\u00f3n de Investigaci\u00f3n<\/strong>&nbsp;<\/p>\n\n\n\n<p class=\"wp-block-paragraph\">Investigaci\u00f3n sobre la prevenci\u00f3n y la intervenci\u00f3n temprana en el deterioro cognitivo: https:\/\/pmc.ncbi.nlm.nih.gov\/articles\/PMC8482982\/&nbsp;<\/p>\n\n\n\n<p class=\"wp-block-paragraph\">Avances en la investigaci\u00f3n sobre salud cerebral y demencia en 2025: https:\/\/www.ncbi.nlm.nih.gov\/pmc\/articles\/PMC11048231\/&nbsp;<\/p>\n\n\n\n<p class=\"wp-block-paragraph\">Investigaci\u00f3n adicional sobre la prevenci\u00f3n y detecci\u00f3n temprana de la demencia: https:\/\/www.ncbi.nlm.nih.gov\/pmc\/articles\/PMC12838543\/&nbsp;<\/p>\n\n\n\n<p class=\"wp-block-paragraph\">Perspectiva de la Alzheimer's Association sobre la era de la detecci\u00f3n temprana y la prevenci\u00f3n: [https:\/\/www.alz.org\/news\/2026\/new-era-early-detection-prevention-cognitive-decline](https:\/\/www.alz.org\/news\/2026\/new-era-early-detection-prevention-cognitive-decline)&nbsp;<\/p>\n\n\n\n<p class=\"wp-block-paragraph\"><strong>La ventana de tiempo<\/strong>&nbsp;<\/p>\n\n\n\n<p class=\"wp-block-paragraph\">Tus 40 y 50 a\u00f1os son tu ventana cr\u00edtica. Las intervenciones funcionan mejor ahora, cuando tu cerebro a\u00fan tiene una reserva neuronal m\u00e1xima y puede responder potentemente a las se\u00f1ales del estilo de vida.&nbsp;<\/p>\n\n\n\n<p class=\"wp-block-paragraph\">Para los 70, todav\u00eda puedes intervenir. Pero la magnitud del declive prevenido es menor. La ventana para la prevenci\u00f3n es ahora.&nbsp;<\/p>\n\n\n\n<p class=\"wp-block-paragraph\">El deterioro cognitivo que ya est\u00e1s experimentando a los 40 no es irreversible. No es inevitable. Es una se\u00f1al de que tu cerebro necesita un mejor soporte metab\u00f3lico, m\u00e1s movimiento, mejor sue\u00f1o y compuestos protectores.&nbsp;<\/p>\n\n\n\n<p class=\"wp-block-paragraph\">La mayor\u00eda de la gente ignora esta se\u00f1al. Tratan la lentitud cognitiva como el envejecimiento normal. Luego se sorprenden cuando el deterioro se acelera en sus 60 y 70 a\u00f1os.&nbsp;<\/p>\n\n\n\n<p class=\"wp-block-paragraph\">No tienes que seguir ese camino. La evidencia es clara. Interv\u00e9n ahora.&nbsp;<\/p>\n\n\n\n<p class=\"wp-block-paragraph\">Descargo de responsabilidad: Este art\u00edculo es solo para fines educativos y no constituye asesoramiento m\u00e9dico. El deterioro cognitivo y la demencia son afecciones complejas con m\u00faltiples factores contribuyentes. Antes de implementar cualquier nuevo protocolo, especialmente si tiene antecedentes familiares de demencia, afecciones psiqui\u00e1tricas o toma medicamentos, consulte con un profesional m\u00e9dico o neur\u00f3logo calificado. Las pruebas de biomarcadores en sangre deben ser solicitadas e interpretadas por un profesional m\u00e9dico. Algunos suplementos pueden interactuar con medicamentos o tener contraindicaciones en ciertas condiciones de salud. La detecci\u00f3n temprana del deterioro cognitivo no garantiza la progresi\u00f3n y debe integrarse con la orientaci\u00f3n m\u00e9dica profesional. Esto no sustituye el diagn\u00f3stico, monitoreo o tratamiento m\u00e9dico profesional.&nbsp;<\/p>","protected":false},"excerpt":{"rendered":"<p>Quiz\u00e1s a\u00fan no te des cuenta, pero ya est\u00e1n ocurriendo cambios cognitivos. A los 40 a\u00f1os, procesas la informaci\u00f3n nueva con un poco menos de rapidez. Te expresas con m\u00e1s palabras cuando deber\u00edas ser conciso. Tienes menos capacidad para manejar varias tareas mentales al mismo tiempo.\u00a0 La mayor\u00eda de las personas lo atribuyen al envejecimiento normal o al estr\u00e9s. No se dan cuenta de que el deterioro cognitivo no empieza a los 70 a\u00f1os. Comienza entre los 40 y los 50. Y para cuando lo notas claramente, el da\u00f1o biol\u00f3gico ya est\u00e1 muy avanzado. La buena noticia: el deterioro cognitivo es altamente prevenible. La Organizaci\u00f3n Mundial de la Salud identifica 12 factores de riesgo modificables para la demencia. Hasta un 40% de los casos de demencia se pueden prevenir o retrasar significativamente al abordar estos factores ahora, entre los 40 y los 50 a\u00f1os, cuando las intervenciones son m\u00e1s eficaces.  La mala noticia: la mayor\u00eda de las personas no interviene hasta que los s\u00edntomas son evidentes. Para entonces, ya se ha producido un da\u00f1o neuronal significativo y una acumulaci\u00f3n de prote\u00ednas.  En 2026, la neurociencia es clara: la intervenci\u00f3n temprana funciona. Pero requiere saber en qu\u00e9 intervenir.  La biolog\u00eda: por qu\u00e9 el deterioro cognitivo comienza antes de lo que crees  Tu cerebro no es una estructura est\u00e1tica. Est\u00e1 en constante cambio. Nacen nuevas neuronas en el hipocampo (el centro de la memoria). Las conexiones sin\u00e1pticas se fortalecen o se debilitan seg\u00fan el uso. Las prote\u00ednas se acumulan o se eliminan seg\u00fan factores relacionados con el estilo de vida.  El deterioro cognitivo ocurre a trav\u00e9s de varios mecanismos:  Acumulaci\u00f3n de beta-amiloide y prote\u00edna tau: Estas prote\u00ednas son t\u00f3xicas para las neuronas. En la enfermedad de Alzheimer, se acumulan durante 15 a 20 a\u00f1os antes de que aparezcan los primeros s\u00edntomas cognitivos. Puedes tener una patolog\u00eda amiloide significativa en tu cerebro a los 50 a\u00f1os y sentirte completamente normal. Pero el da\u00f1o ya se est\u00e1 produciendo.  Disfunci\u00f3n mitocondrial: Tu cerebro utiliza aproximadamente el 20% de la energ\u00eda de tu cuerpo. Cuando las mitocondrias no funcionan bien, las neuronas no pueden funcionar de manera \u00f3ptima. Se experimenta confusi\u00f3n mental, un procesamiento m\u00e1s lento y una memoria reducida.  Neuroinflamaci\u00f3n: La inflamaci\u00f3n cr\u00f3nica de bajo nivel en el cerebro acelera la p\u00e9rdida neuronal. Esto se debe a un estilo de vida sedentario, una dieta deficiente, trastornos del sue\u00f1o y estr\u00e9s cr\u00f3nico.  Neuroplasticidad reducida: La capacidad de tu cerebro para formar nuevas conexiones disminuye con la edad. Pero este deterioro es reversible. El ejercicio, el aprendizaje y ciertos compuestos mejoran directamente la neuroplasticidad.  Investigaciones recientes muestran que el deterioro cognitivo puede comenzar a los 30 a\u00f1os, pero la mayor\u00eda de las personas se dan cuenta de ello entre los 40 y los 50: https:\/\/public-pages-files-2025.frontiersin.org\/journals\/aging-neuroscience\/articles\/10.3389\/fnagi.2025.1588493\/xml\/nlm  La idea clave: intervenir entre los 40 y los 50 a\u00f1os puede prevenir o retrasar el deterioro grave que, de lo contrario, ocurrir\u00eda entre los 70 y los 80 a\u00f1os. Esta es tu oportunidad.\u00a0 Los 12 factores de riesgo modificables  La Organizaci\u00f3n Mundial de la Salud identifica estos factores como causantes del deterioro cognitivo:  No todos se aplican a todas las personas. Pero puedes evaluar cu\u00e1les te afectan. Incluso 2 o 3 intervenciones en\u00e9rgicas sobre estos factores pueden cambiar significativamente tu trayectoria cognitiva.  Las investigaciones sobre la prevenci\u00f3n del deterioro cognitivo muestran que modificar estos factores puede prevenir o retrasar hasta un 40% de los casos de demencia: https:\/\/www.mdpi.com\/2076-3425\/16\/1\/108  El protocolo basado en la evidencia para tus 40 y 50  Prioridad 1: Actividad f\u00edsica (la base)  El ejercicio f\u00edsico es la intervenci\u00f3n cognitiva m\u00e1s poderosa que existe. No hay ni comparaci\u00f3n.  El ejercicio aer\u00f3bico regular aumenta el factor neurotr\u00f3fico derivado del cerebro (BDNF), que favorece el crecimiento neuronal y la plasticidad sin\u00e1ptica. Mejora el flujo sangu\u00edneo cerebral. Reduce la acumulaci\u00f3n de amiloide.\u00a0 El entrenamiento de fuerza conserva la masa muscular y mejora la salud metab\u00f3lica, lo que protege al cerebro.  Trate de realizar 150 minutos a la semana de actividad aer\u00f3bica de intensidad moderada (caminar a paso ligero, andar en bicicleta, correr), adem\u00e1s de 2 a 3 sesiones semanales de entrenamiento de fuerza.\u00a0 La evidencia es contundente: las personas que mantienen un ejercicio regular a lo largo de sus 40 y 50 a\u00f1os tienen un riesgo de deterioro cognitivo dr\u00e1sticamente menor en sus 60 y 70 a\u00f1os.  Prioridad 2: Optimizaci\u00f3n del sue\u00f1o y del ritmo circadiano  El sue\u00f1o es el momento en que tu cerebro elimina las prote\u00ednas t\u00f3xicas. La falta de sue\u00f1o acelera el deterioro cognitivo.\u00a0 Pon en pr\u00e1ctica el protocolo de nuestro art\u00edculo anterior: exposici\u00f3n a la luz por la ma\u00f1ana, horario de sue\u00f1o constante, dormitorio fresco y oscuro, y nada de pantallas despu\u00e9s de las 8 p. m. La privaci\u00f3n del sue\u00f1o y la alteraci\u00f3n del ritmo circadiano aumentan la acumulaci\u00f3n de beta-amiloide. Siete a\u00f1os de sue\u00f1o deficiente aceleran tu edad cognitiva en aproximadamente 10 a\u00f1os.\u00a0 Prioridad 3: Manejo de la p\u00e9rdida auditiva  Esto suele sorprender a la gente, pero la conexi\u00f3n es muy fuerte.  La p\u00e9rdida auditiva suele comenzar entre los 40 y los 50 a\u00f1os. Corregirla no es una cuesti\u00f3n de vanidad. La p\u00e9rdida auditiva no tratada se asocia con un deterioro cognitivo m\u00e1s r\u00e1pido.\u00a0 Una investigaci\u00f3n reciente de 2025 revel\u00f3 que el uso de aud\u00edfonos se asoci\u00f3 con una menor prevalencia de demencia en participantes con p\u00e9rdida auditiva de moderada a grave: https:\/\/waterlooaudiology.com\/blog\/does-hearing-care-slow-the-onset-of-dementia-what-2025-research-reveals\/  Hazte una prueba de audici\u00f3n a los 40 a\u00f1os. Si detectas p\u00e9rdida auditiva, usa aud\u00edfonos. Esto es medicina preventiva.\u00a0 Prioridad 4: Control metab\u00f3lico  La diabetes y la prediabetes son factores de riesgo para el deterioro cognitivo y la enfermedad de Alzheimer.  Aplica el protocolo de flexibilidad metab\u00f3lica de nuestro art\u00edculo anterior: niveles estables de az\u00facar en sangre, ayunos regulares y patrones de actividad f\u00edsica intensos.\u00a0 Mant\u00e9n la glucosa en sangre en ayunas por debajo de 100 mg\/dL y la HbA1c por debajo de 5,7%.  La salud metab\u00f3lica es salud cerebral.  Prioridad 5: Est\u00edmulo cognitivo y aprendizaje  La capacidad de tu cerebro para formar nuevas conexiones es importante. \u00dasala.\u00a0 Aprende un nuevo idioma, a tocar un instrumento o una habilidad que requiera atenci\u00f3n concentrada.  Lee material complejo con regularidad.  Ded\u00edcate a pasatiempos que supongan un desaf\u00edo mental.  La participaci\u00f3n social tambi\u00e9n es fundamental. La soledad se asocia con un deterioro cognitivo m\u00e1s r\u00e1pido.\u00a0 Mant\u00e9n relaciones significativas. Haz trabajo voluntario. \u00danete a grupos en torno a tus intereses.  Prioridad 6: Suplementos que apoyan la salud cerebral  Los biomarcadores sangu\u00edneos ahora permiten detectar la patolog\u00eda del Alzheimer en etapa temprana, a\u00f1os antes de que aparezcan los s\u00edntomas: https:\/\/www.alz.org\/news\/2026\/new-era-early-detection-prevention-cognitive-decline  Existen varios suplementos con evidencia de que apoyan la funci\u00f3n cognitiva:  Precursores del NAD+ (NMN, 250-500 mg al d\u00eda): Apoyan la funci\u00f3n mitocondrial y la producci\u00f3n de energ\u00eda neuronal.\u00a0 \u00c1cidos grasos omega-3 (2-3 g de EPA\/DHA al d\u00eda): Son esenciales para la salud de las membranas neuronales y reducen la neuroinflamaci\u00f3n.  L-treonato de magnesio (2 g al d\u00eda): Dise\u00f1ado espec\u00edficamente para atravesar la barrera hematoencef\u00e1lica y favorecer la plasticidad sin\u00e1ptica.\u00a0 Alfa-GPC (600 mg al d\u00eda): favorece la producci\u00f3n de acetilcolina y la funci\u00f3n cognitiva.  Resveratrol (150-300 mg al d\u00eda): activa las v\u00edas de las sirtuinas y reduce la neuroinflamaci\u00f3n.\u00a0 Curcumina con pimienta negra (500 mg a 1 g al d\u00eda): atraviesa la barrera hematoencef\u00e1lica y reduce los niveles de amiloide y tau.  Consulta con un profesional de la salud para seleccionar lo m\u00e1s adecuado para tu situaci\u00f3n.\u00a0 Prioridad 7: Considera la realizaci\u00f3n de pruebas avanzadas de biomarcadores  Los an\u00e1lisis de sangre ahora pueden detectar tau fosforilada (p-tau181) y proporciones de amiloide que indican una patolog\u00eda temprana del Alzheimer antes de que aparezcan los s\u00edntomas.  Pregunta a tu m\u00e9dico sobre las pruebas de biomarcadores en plasma si tienes antecedentes familiares de deterioro cognitivo o m\u00faltiples factores de riesgo.\u00a0 La detecci\u00f3n temprana le permite intensificar las intervenciones mientras a\u00fan cuenta con la m\u00e1xima reserva neuronal.  Intervenci\u00f3n avanzada para mayor riesgo  Si tiene:  Antecedentes familiares de Alzheimer o demencia  M\u00faltiples factores de riesgo metab\u00f3licos  P\u00e9rdida auditiva significativa  Depresi\u00f3n o estr\u00e9s cr\u00f3nico  Estilo de vida sedentario  Considere consultar a un especialista en medicina funcional con experiencia en la prevenci\u00f3n del deterioro cognitivo. Las intervenciones m\u00e1s agresivas podr\u00edan incluir:  Terapia con ox\u00edgeno hiperb\u00e1rico  Protocolos de entrenamiento cognitivo  Optimizaci\u00f3n hormonal  P\u00e9ptidos espec\u00edficos (Semax, Cerebrolysin)  Suplementaci\u00f3n m\u00e1s intensiva  La prevenci\u00f3n siempre es m\u00e1s f\u00e1cil que revertir el da\u00f1o. Intervenir de manera agresiva entre los 40 y los 50 a\u00f1os puede prevenir la mayor parte de lo que habr\u00eda ocurrido entre los 70 y los 80 a\u00f1os.\u00a0 La Fundaci\u00f3n de Investigaci\u00f3n  Investigaci\u00f3n sobre la prevenci\u00f3n y la intervenci\u00f3n temprana del deterioro cognitivo: https:\/\/pmc.ncbi.nlm.nih.gov\/articles\/PMC8482982\/  Avances en la investigaci\u00f3n sobre la salud cerebral y la demencia en 2025: https:\/\/www.ncbi.nlm.nih.gov\/pmc\/articles\/PMC11048231\/  Investigaci\u00f3n adicional sobre la prevenci\u00f3n y la detecci\u00f3n temprana de la demencia: https:\/\/www.ncbi.nlm.nih.gov\/pmc\/articles\/PMC12838543\/\u00a0 Perspectiva de la Asociaci\u00f3n de Alzheimer sobre la era de la detecci\u00f3n temprana y la prevenci\u00f3n: https:\/\/www.alz.org\/news\/2026\/new-era-early-detection-prevention-cognitive-decline  La ventana de oportunidad  Tus 40 y 50 son tu ventana cr\u00edtica. Las intervenciones funcionan mejor ahora, cuando tu cerebro a\u00fan cuenta con la m\u00e1xima reserva neuronal y puede responder con fuerza a las se\u00f1ales relacionadas con el estilo de vida.  A los 70 a\u00f1os, a\u00fan puedes intervenir. Pero la magnitud del deterioro que se puede prevenir es menor. La ventana para la prevenci\u00f3n es ahora.  El deterioro cognitivo que ya est\u00e1s experimentando a los 40 a\u00f1os no es irreversible. No es inevitable. Es una se\u00f1al de que tu cerebro necesita un mejor apoyo metab\u00f3lico, m\u00e1s actividad f\u00edsica, un mejor sue\u00f1o y compuestos protectores.  La mayor\u00eda de las personas ignora esta se\u00f1al. Consideran que la lentitud cognitiva es parte del envejecimiento normal. Luego se sorprenden cuando el deterioro se acelera al llegar a los 60 y 70 a\u00f1os.  No tienes por qu\u00e9 seguir ese camino. La evidencia es clara. Act\u00faa ahora.  Aviso legal: Este art\u00edculo tiene fines exclusivamente educativos y no constituye asesoramiento m\u00e9dico. El deterioro cognitivo y la demencia son afecciones complejas con m\u00faltiples factores que contribuyen a su desarrollo. Antes de implementar cualquier protocolo nuevo, especialmente si tienes antecedentes familiares de demencia, afecciones psiqui\u00e1tricas o est\u00e1s tomando medicamentos, consulta con un profesional de la salud calificado o un neur\u00f3logo. Los an\u00e1lisis de biomarcadores en sangre deben ser solicitados e interpretados por un profesional m\u00e9dico. Algunos suplementos pueden interactuar con medicamentos o tener contraindicaciones en ciertas condiciones de salud. La detecci\u00f3n temprana del deterioro cognitivo no garantiza su progresi\u00f3n y debe integrarse con la orientaci\u00f3n m\u00e9dica profesional. Esto no sustituye el diagn\u00f3stico, el seguimiento ni el tratamiento m\u00e9dico profesional.&nbsp;<\/p>","protected":false},"author":2,"featured_media":420,"comment_status":"open","ping_status":"open","sticky":false,"template":"","format":"standard","meta":{"footnotes":""},"categories":[16],"tags":[],"class_list":["post-398","post","type-post","status-publish","format-standard","has-post-thumbnail","hentry","category-uncategorized-en"],"_links":{"self":[{"href":"https:\/\/www.altrx.com\/blogs\/es\/wp-json\/wp\/v2\/posts\/398","targetHints":{"allow":["GET"]}}],"collection":[{"href":"https:\/\/www.altrx.com\/blogs\/es\/wp-json\/wp\/v2\/posts"}],"about":[{"href":"https:\/\/www.altrx.com\/blogs\/es\/wp-json\/wp\/v2\/types\/post"}],"author":[{"embeddable":true,"href":"https:\/\/www.altrx.com\/blogs\/es\/wp-json\/wp\/v2\/users\/2"}],"replies":[{"embeddable":true,"href":"https:\/\/www.altrx.com\/blogs\/es\/wp-json\/wp\/v2\/comments?post=398"}],"version-history":[{"count":1,"href":"https:\/\/www.altrx.com\/blogs\/es\/wp-json\/wp\/v2\/posts\/398\/revisions"}],"predecessor-version":[{"id":399,"href":"https:\/\/www.altrx.com\/blogs\/es\/wp-json\/wp\/v2\/posts\/398\/revisions\/399"}],"wp:featuredmedia":[{"embeddable":true,"href":"https:\/\/www.altrx.com\/blogs\/es\/wp-json\/wp\/v2\/media\/420"}],"wp:attachment":[{"href":"https:\/\/www.altrx.com\/blogs\/es\/wp-json\/wp\/v2\/media?parent=398"}],"wp:term":[{"taxonomy":"category","embeddable":true,"href":"https:\/\/www.altrx.com\/blogs\/es\/wp-json\/wp\/v2\/categories?post=398"},{"taxonomy":"post_tag","embeddable":true,"href":"https:\/\/www.altrx.com\/blogs\/es\/wp-json\/wp\/v2\/tags?post=398"}],"curies":[{"name":"wp","href":"https:\/\/api.w.org\/{rel}","templated":true}]}}